{"id":519,"date":"2018-09-04T08:06:03","date_gmt":"2018-09-04T06:06:03","guid":{"rendered":"https:\/\/www.harlan.de\/index.php\/2018\/09\/04\/2018-09-04-15-04-44\/"},"modified":"2018-09-04T08:06:33","modified_gmt":"2018-09-04T06:06:33","slug":"2018-09-04-15-04-44","status":"publish","type":"post","link":"https:\/\/www.harlan.de\/index.php\/2018\/09\/04\/2018-09-04-15-04-44\/","title":{"rendered":"Kap Vankarem"},"content":{"rendered":"<h1> Kap Vankarem <\/h1>\n<h3> Infos zum Blog <\/h3>\n<p><b> Zeit:        <\/b>  3.8.2018              <\/p>\n<p><b> Koordinaten: <\/b>  67.51 Nord, 175.34 Ost <\/p>\n<p><b> Ort:         <\/b>  Kap Vankarem und die Insel Kolyuchin             <\/p>\n<h2>Tundramarsch und Walrosse<\/h2>\n<p>Gestern morgen waren wir wieder Richtung Festland unterwegs und sind gegen 8:00 am Kap Vankarem angekommen. Der Plan ist eine Wanderung vom Ort zum Kap Vankarem. Etwa eine Stunde durch Tundragel\u00e4nde geht die Route zum Kap. Wir sind froh, dass wir unsere Wanderschuhe dabei haben und nur die Anlandung in Gummistiefeln gemacht haben. Danach geht es hoch an das Kap zu einem erst ganz zum Schluss sichtbaren Strand mit einer gro\u00dfen Walrosskolonie. Die lokalen J\u00e4ger achten darauf, dass wir die Tiere nicht verschrecken. Deshalb gehen wir nur in kleinen Gruppen das letzte St\u00fcck und bekommen nur 5 Minuten zum Ablichten. So zumindest der Plan. Wie so oft in diesem Land, klappt die Organisation aber nur zu Beginn. Aber irgendwie bekommt doch jeder sein Bild. Wir kommen nur zu sp\u00e4t zum Schiff zur\u00fcck.<\/p>\n<figure id=\"attachment_520\" aria-describedby=\"caption-attachment-520\" style=\"width: 1000px\" class=\"wp-caption alignnone\"><img class=\"wp-image-520\" src=\"https:\/\/www.harlan.de\/wp-content\/uploads\/2018\/09\/min-20180903_010733.jpg\" alt=\"Bild 1 vom 2018-09-04 08:06:04\" width=\"1000\" srcset=\"https:\/\/www.harlan.de\/wp-content\/uploads\/2018\/09\/min-20180903_010733.jpg 1000w, https:\/\/www.harlan.de\/wp-content\/uploads\/2018\/09\/min-20180903_010733-300x200.jpg 300w, https:\/\/www.harlan.de\/wp-content\/uploads\/2018\/09\/min-20180903_010733-768x512.jpg 768w, https:\/\/www.harlan.de\/wp-content\/uploads\/2018\/09\/min-20180903_010733-644x430.jpg 644w\" sizes=\"(max-width: 1000px) 100vw, 1000px\" \/><figcaption id=\"caption-attachment-520\" class=\"wp-caption-text\">Walrosse am Ruheplatz<\/figcaption><\/figure>\n<p>Wir k\u00f6nnen die Walrosse nur an einem kleinen Abschnitt des Strandes sehen. Und auch nur die Oberseiten. An guten Tagen lagern hier aber auch bis zu 30000 Walrosse.<\/p>\n<figure id=\"attachment_522\" aria-describedby=\"caption-attachment-522\" style=\"width: 1000px\" class=\"wp-caption alignnone\"><img class=\"wp-image-522\" src=\"https:\/\/www.harlan.de\/wp-content\/uploads\/2018\/09\/min-20180903_010809.jpg\" alt=\"Bild 2 vom 2018-09-04 08:06:08\" width=\"1000\" srcset=\"https:\/\/www.harlan.de\/wp-content\/uploads\/2018\/09\/min-20180903_010809.jpg 1000w, https:\/\/www.harlan.de\/wp-content\/uploads\/2018\/09\/min-20180903_010809-300x200.jpg 300w, https:\/\/www.harlan.de\/wp-content\/uploads\/2018\/09\/min-20180903_010809-768x512.jpg 768w, https:\/\/www.harlan.de\/wp-content\/uploads\/2018\/09\/min-20180903_010809-644x430.jpg 644w\" sizes=\"(max-width: 1000px) 100vw, 1000px\" \/><figcaption id=\"caption-attachment-522\" class=\"wp-caption-text\">Wir halten uns zur\u00fcck. Die Tiere sind v\u00f6llig unbeeindruckt. Flossen hoch und Sonne auf den Bauch scheinen lassen.<\/figcaption><\/figure>\n<p>Auf dem R\u00fcckweg gibt es wieder tolle Motive an der K\u00fcste. Ich frage mich immer wieder, wie diese Farben hier zustande kommen.<\/p>\n<figure id=\"attachment_524\" aria-describedby=\"caption-attachment-524\" style=\"width: 1000px\" class=\"wp-caption alignnone\"><img class=\"wp-image-524\" src=\"https:\/\/www.harlan.de\/wp-content\/uploads\/2018\/09\/min-20180903_011129.jpg\" alt=\"Bild 3 vom 2018-09-04 08:06:11\" width=\"1000\" srcset=\"https:\/\/www.harlan.de\/wp-content\/uploads\/2018\/09\/min-20180903_011129.jpg 900w, https:\/\/www.harlan.de\/wp-content\/uploads\/2018\/09\/min-20180903_011129-300x200.jpg 300w, https:\/\/www.harlan.de\/wp-content\/uploads\/2018\/09\/min-20180903_011129-768x512.jpg 768w, https:\/\/www.harlan.de\/wp-content\/uploads\/2018\/09\/min-20180903_011129-644x429.jpg 644w\" sizes=\"(max-width: 900px) 100vw, 900px\" \/><figcaption id=\"caption-attachment-524\" class=\"wp-caption-text\">Brandung in schillernden Farben.<\/figcaption><\/figure>\n<p>Das ist die zweite Gruppe auf dem Weg zu den Walrossen. Wir haben sie auf dem R\u00fcckweg getroffen.<\/p>\n<figure id=\"attachment_526\" aria-describedby=\"caption-attachment-526\" style=\"width: 1000px\" class=\"wp-caption alignnone\"><img class=\"wp-image-526\" src=\"https:\/\/www.harlan.de\/wp-content\/uploads\/2018\/09\/min-20180903_013118.jpg\" alt=\"Bild 4 vom 2018-09-04 08:06:14\" width=\"1000\" srcset=\"https:\/\/www.harlan.de\/wp-content\/uploads\/2018\/09\/min-20180903_013118.jpg 1000w, https:\/\/www.harlan.de\/wp-content\/uploads\/2018\/09\/min-20180903_013118-300x200.jpg 300w, https:\/\/www.harlan.de\/wp-content\/uploads\/2018\/09\/min-20180903_013118-768x512.jpg 768w, https:\/\/www.harlan.de\/wp-content\/uploads\/2018\/09\/min-20180903_013118-644x430.jpg 644w\" sizes=\"(max-width: 1000px) 100vw, 1000px\" \/><figcaption id=\"caption-attachment-526\" class=\"wp-caption-text\">Im G\u00e4nsemarsch zum Walrossstrand<\/figcaption><\/figure>\n<p>Der Ort unterscheidet sich stark von allem was wir bisher in der Arktis angetroffen haben. Hier sind die Abramowitsch-Rubel schon angekommen und in bunte H\u00e4uschen geflossen. Der in England lebende Oligarch und Eigent\u00fcmer von Chelsea war mal als Gouverneur der Provinz Tschukotka eingesetzt und hat hier vieles aufgebaut. Hat sich f\u00fcr ihn ja auch ausgezahlt.<\/p>\n<figure id=\"attachment_528\" aria-describedby=\"caption-attachment-528\" style=\"width: 1000px\" class=\"wp-caption alignnone\"><img class=\"wp-image-528\" src=\"https:\/\/www.harlan.de\/wp-content\/uploads\/2018\/09\/min-20180903_015848.jpg\" alt=\"Bild 5 vom 2018-09-04 08:06:18\" width=\"1000\" srcset=\"https:\/\/www.harlan.de\/wp-content\/uploads\/2018\/09\/min-20180903_015848.jpg 1000w, https:\/\/www.harlan.de\/wp-content\/uploads\/2018\/09\/min-20180903_015848-300x200.jpg 300w, https:\/\/www.harlan.de\/wp-content\/uploads\/2018\/09\/min-20180903_015848-768x512.jpg 768w, https:\/\/www.harlan.de\/wp-content\/uploads\/2018\/09\/min-20180903_015848-644x430.jpg 644w\" sizes=\"(max-width: 1000px) 100vw, 1000px\" \/><figcaption id=\"caption-attachment-528\" class=\"wp-caption-text\">Erstmals wieder richtig freundliche Farben in einem Ort<\/figcaption><\/figure>\n<figure id=\"attachment_530\" aria-describedby=\"caption-attachment-530\" style=\"width: 1000px\" class=\"wp-caption alignnone\"><img class=\"wp-image-530\" src=\"https:\/\/www.harlan.de\/wp-content\/uploads\/2018\/09\/min-20180903_020305.jpg\" alt=\"Bild 6 vom 2018-09-04 08:06:21\" width=\"1000\" srcset=\"https:\/\/www.harlan.de\/wp-content\/uploads\/2018\/09\/min-20180903_020305.jpg 1000w, https:\/\/www.harlan.de\/wp-content\/uploads\/2018\/09\/min-20180903_020305-300x200.jpg 300w, https:\/\/www.harlan.de\/wp-content\/uploads\/2018\/09\/min-20180903_020305-768x512.jpg 768w, https:\/\/www.harlan.de\/wp-content\/uploads\/2018\/09\/min-20180903_020305-644x430.jpg 644w\" sizes=\"(max-width: 1000px) 100vw, 1000px\" \/><figcaption id=\"caption-attachment-530\" class=\"wp-caption-text\">Abramowitsch-H\u00e4user gibt es in allen Farben.<\/figcaption><\/figure>\n<h2> V\u00f6gel auf der Insel Kolyuchin <\/h2>\n<p>Am Abend kommen wir nochmal an der Insel Kolyuchin vorbei. Noch ein anstrengender Marsch den Felsen rauf. Aber hier kann man die V\u00f6gel mal von oben und nicht nur von untem aus dem Zodiac beobachten. Hornlunden (nicht Hornlumme wie ich irrt\u00fcmlich im letzten Blog geschrieben habe) sind Verwandte des altlantischen Papageientauchers und mindestens so attraktiv.<\/p>\n<figure id=\"attachment_532\" aria-describedby=\"caption-attachment-532\" style=\"width: 1000px\" class=\"wp-caption alignnone\"><img class=\"wp-image-532\" src=\"https:\/\/www.harlan.de\/wp-content\/uploads\/2018\/09\/min-20180903_073403.jpg\" alt=\"Bild 7 vom 2018-09-04 08:06:24\" width=\"1000\" srcset=\"https:\/\/www.harlan.de\/wp-content\/uploads\/2018\/09\/min-20180903_073403.jpg 1000w, https:\/\/www.harlan.de\/wp-content\/uploads\/2018\/09\/min-20180903_073403-300x200.jpg 300w, https:\/\/www.harlan.de\/wp-content\/uploads\/2018\/09\/min-20180903_073403-768x512.jpg 768w, https:\/\/www.harlan.de\/wp-content\/uploads\/2018\/09\/min-20180903_073403-644x430.jpg 644w\" sizes=\"(max-width: 1000px) 100vw, 1000px\" \/><figcaption id=\"caption-attachment-532\" class=\"wp-caption-text\">Hornlunde im Portrait<\/figcaption><\/figure>\n<p>Der Felsen ist wieder von Unmengen von V\u00f6geln besetzt. Wir kommen bis auf wenige Meter heran.<\/p>\n<figure id=\"attachment_534\" aria-describedby=\"caption-attachment-534\" style=\"width: 1000px\" class=\"wp-caption alignnone\"><img class=\"wp-image-534\" src=\"https:\/\/www.harlan.de\/wp-content\/uploads\/2018\/09\/min-20180903_073628_1.jpg\" alt=\"Bild 8 vom 2018-09-04 08:06:28\" width=\"1000\" srcset=\"https:\/\/www.harlan.de\/wp-content\/uploads\/2018\/09\/min-20180903_073628_1.jpg 1000w, https:\/\/www.harlan.de\/wp-content\/uploads\/2018\/09\/min-20180903_073628_1-300x200.jpg 300w, https:\/\/www.harlan.de\/wp-content\/uploads\/2018\/09\/min-20180903_073628_1-768x512.jpg 768w, https:\/\/www.harlan.de\/wp-content\/uploads\/2018\/09\/min-20180903_073628_1-644x430.jpg 644w\" sizes=\"(max-width: 1000px) 100vw, 1000px\" \/><figcaption id=\"caption-attachment-534\" class=\"wp-caption-text\">Und noch eine<\/figcaption><\/figure>\n<p>Diesen Felsen haben wir erklommen (von der anderen flacheren Seite), um die V\u00f6gel von oben zu beobachten und nat\u00fcrlich zu knipsen.<\/p>\n<figure id=\"attachment_536\" aria-describedby=\"caption-attachment-536\" style=\"width: 1000px\" class=\"wp-caption alignnone\"><img class=\"wp-image-536\" src=\"https:\/\/www.harlan.de\/wp-content\/uploads\/2018\/09\/min-20180903_074216.jpg\" alt=\"Bild 9 vom 2018-09-04 08:06:31\" width=\"1000\" srcset=\"https:\/\/www.harlan.de\/wp-content\/uploads\/2018\/09\/min-20180903_074216.jpg 800w, https:\/\/www.harlan.de\/wp-content\/uploads\/2018\/09\/min-20180903_074216-300x200.jpg 300w, https:\/\/www.harlan.de\/wp-content\/uploads\/2018\/09\/min-20180903_074216-768x512.jpg 768w, https:\/\/www.harlan.de\/wp-content\/uploads\/2018\/09\/min-20180903_074216-644x429.jpg 644w\" sizes=\"(max-width: 800px) 100vw, 800px\" \/><figcaption id=\"caption-attachment-536\" class=\"wp-caption-text\">Vogelfelsen mit Dachterasse<\/figcaption><\/figure>\n<p>\nMagnus<\/p>\n","protected":false},"excerpt":{"rendered":"<p>Kap Vankarem Infos zum Blog Zeit: 3.8.2018 Koordinaten: 67.51 Nord, 175.34 Ost Ort: Kap Vankarem und die Insel Kolyuchin Tundramarsch und Walrosse Gestern morgen waren wir wieder Richtung Festland unterwegs und sind gegen 8:00 am Kap Vankarem angekommen. Der Plan ist eine Wanderung vom Ort zum Kap Vankarem. Etwa eine Stunde durch Tundragel\u00e4nde geht die Route zum Kap. Wir sind froh, dass wir unsere Wanderschuhe dabei haben und nur die&hellip;<\/p>\n","protected":false},"author":1,"featured_media":520,"comment_status":"open","ping_status":"open","sticky":false,"template":"","format":"standard","meta":[],"categories":[5],"tags":[],"_links":{"self":[{"href":"https:\/\/www.harlan.de\/index.php\/wp-json\/wp\/v2\/posts\/519"}],"collection":[{"href":"https:\/\/www.harlan.de\/index.php\/wp-json\/wp\/v2\/posts"}],"about":[{"href":"https:\/\/www.harlan.de\/index.php\/wp-json\/wp\/v2\/types\/post"}],"author":[{"embeddable":true,"href":"https:\/\/www.harlan.de\/index.php\/wp-json\/wp\/v2\/users\/1"}],"replies":[{"embeddable":true,"href":"https:\/\/www.harlan.de\/index.php\/wp-json\/wp\/v2\/comments?post=519"}],"version-history":[{"count":9,"href":"https:\/\/www.harlan.de\/index.php\/wp-json\/wp\/v2\/posts\/519\/revisions"}],"predecessor-version":[{"id":537,"href":"https:\/\/www.harlan.de\/index.php\/wp-json\/wp\/v2\/posts\/519\/revisions\/537"}],"wp:featuredmedia":[{"embeddable":true,"href":"https:\/\/www.harlan.de\/index.php\/wp-json\/wp\/v2\/media\/520"}],"wp:attachment":[{"href":"https:\/\/www.harlan.de\/index.php\/wp-json\/wp\/v2\/media?parent=519"}],"wp:term":[{"taxonomy":"category","embeddable":true,"href":"https:\/\/www.harlan.de\/index.php\/wp-json\/wp\/v2\/categories?post=519"},{"taxonomy":"post_tag","embeddable":true,"href":"https:\/\/www.harlan.de\/index.php\/wp-json\/wp\/v2\/tags?post=519"}],"curies":[{"name":"wp","href":"https:\/\/api.w.org\/{rel}","templated":true}]}}